{"id":2988,"date":"2026-04-30T17:52:16","date_gmt":"2026-04-30T17:52:16","guid":{"rendered":"https:\/\/diario.comechingones.com.ar\/?p=2988"},"modified":"2026-04-30T17:53:22","modified_gmt":"2026-04-30T17:53:22","slug":"se-conmemoran-252-anos-de-la-revolucion-del-comun-en-traslasierra","status":"publish","type":"post","link":"https:\/\/diario.comechingones.com.ar\/?p=2988","title":{"rendered":"SE CONMEMORAN 252 A\u00d1OS DE LA REVOLUCI\u00d3N DEL COM\u00daN EN TRASLASIERRA."},"content":{"rendered":"\n<p>A 252 a\u00f1os de la hist\u00f3rica <strong>Revoluci\u00f3n del Com\u00fan en Traslasierra<\/strong>, la nota propone un recorrido que mezcla memoria, identidad y presente. A trav\u00e9s de la voz de la entrevistada , la docente e investigadora Gladys Acevedo, se recupera este episodio poco difundido de la historia regional, entendido no solo como un hecho del pasado sino como una manifestaci\u00f3n temprana de organizaci\u00f3n popular y resistencia frente al poder establecido.<\/p>\n\n\n\n<p>El relato pone en tensi\u00f3n el olvido y la vigencia: mientras revisa las causas y consecuencias de aquella rebeli\u00f3n, tambi\u00e9n abre preguntas sobre su lugar en la construcci\u00f3n de la identidad local y su eco en las din\u00e1micas sociales actuales. La historia aparece as\u00ed como un territorio vivo, que interpela, incomoda y dialoga con el presente de Traslasierra.<\/p>\n\n\n\n<figure class=\"wp-block-embed is-type-video is-provider-youtube wp-block-embed-youtube wp-embed-aspect-16-9 wp-has-aspect-ratio\"><div class=\"wp-block-embed__wrapper\">\n<iframe loading=\"lazy\" title=\"A 252 A\u00d1OS DE LA REVOLUCI\u00d3N DEL COM\u00daN EN TRASLASIERRA. UNA HISTORIA VIVA QUE MOVILIZA E INTERROGA.\" width=\"640\" height=\"360\" src=\"https:\/\/www.youtube.com\/embed\/L9xehfohP1E?feature=oembed\" frameborder=\"0\" allow=\"accelerometer; autoplay; clipboard-write; encrypted-media; gyroscope; picture-in-picture; web-share\" referrerpolicy=\"strict-origin-when-cross-origin\" allowfullscreen><\/iframe>\n<\/div><\/figure>\n","protected":false},"excerpt":{"rendered":"<p>A 252 a\u00f1os de la hist\u00f3rica Revoluci\u00f3n del Com\u00fan en Traslasierra, la nota propone un&#8230;<\/p>\n","protected":false},"author":3,"featured_media":2989,"comment_status":"open","ping_status":"open","sticky":false,"template":"","format":"standard","meta":{"footnotes":""},"categories":[24,27,26,23],"tags":[],"featured_image_urls":{"full":["https:\/\/diario.comechingones.com.ar\/wp-content\/uploads\/2026\/04\/gladys2.png",822,467,false],"thumbnail":["https:\/\/diario.comechingones.com.ar\/wp-content\/uploads\/2026\/04\/gladys2-150x150.png",150,150,true],"medium":["https:\/\/diario.comechingones.com.ar\/wp-content\/uploads\/2026\/04\/gladys2-300x170.png",300,170,true],"medium_large":["https:\/\/diario.comechingones.com.ar\/wp-content\/uploads\/2026\/04\/gladys2-768x436.png",640,363,true],"large":["https:\/\/diario.comechingones.com.ar\/wp-content\/uploads\/2026\/04\/gladys2.png",640,364,false],"1536x1536":["https:\/\/diario.comechingones.com.ar\/wp-content\/uploads\/2026\/04\/gladys2.png",822,467,false],"2048x2048":["https:\/\/diario.comechingones.com.ar\/wp-content\/uploads\/2026\/04\/gladys2.png",822,467,false],"covernews-slider-full":["https:\/\/diario.comechingones.com.ar\/wp-content\/uploads\/2026\/04\/gladys2.png",822,467,false],"covernews-slider-center":["https:\/\/diario.comechingones.com.ar\/wp-content\/uploads\/2026\/04\/gladys2-800x467.png",800,467,true],"covernews-featured":["https:\/\/diario.comechingones.com.ar\/wp-content\/uploads\/2026\/04\/gladys2.png",822,467,false],"covernews-medium":["https:\/\/diario.comechingones.com.ar\/wp-content\/uploads\/2026\/04\/gladys2-540x340.png",540,340,true],"covernews-medium-square":["https:\/\/diario.comechingones.com.ar\/wp-content\/uploads\/2026\/04\/gladys2-400x250.png",400,250,true],"woocommerce_thumbnail":["https:\/\/diario.comechingones.com.ar\/wp-content\/uploads\/2026\/04\/gladys2-300x300.png",300,300,true],"woocommerce_single":["https:\/\/diario.comechingones.com.ar\/wp-content\/uploads\/2026\/04\/gladys2-600x341.png",600,341,true],"woocommerce_gallery_thumbnail":["https:\/\/diario.comechingones.com.ar\/wp-content\/uploads\/2026\/04\/gladys2-100x100.png",100,100,true]},"author_info":{"display_name":"Comechingones Multimedios","author_link":"https:\/\/diario.comechingones.com.ar\/?author=3"},"category_info":"<a href=\"https:\/\/diario.comechingones.com.ar\/?cat=24\" rel=\"category\">Historias<\/a> <a href=\"https:\/\/diario.comechingones.com.ar\/?cat=27\" rel=\"category\">Pasa en el valle<\/a> <a href=\"https:\/\/diario.comechingones.com.ar\/?cat=26\" rel=\"category\">Pasa en la radio<\/a> <a href=\"https:\/\/diario.comechingones.com.ar\/?cat=23\" rel=\"category\">Traslasierra<\/a>","tag_info":"Traslasierra","comment_count":"0","_links":{"self":[{"href":"https:\/\/diario.comechingones.com.ar\/index.php?rest_route=\/wp\/v2\/posts\/2988"}],"collection":[{"href":"https:\/\/diario.comechingones.com.ar\/index.php?rest_route=\/wp\/v2\/posts"}],"about":[{"href":"https:\/\/diario.comechingones.com.ar\/index.php?rest_route=\/wp\/v2\/types\/post"}],"author":[{"embeddable":true,"href":"https:\/\/diario.comechingones.com.ar\/index.php?rest_route=\/wp\/v2\/users\/3"}],"replies":[{"embeddable":true,"href":"https:\/\/diario.comechingones.com.ar\/index.php?rest_route=%2Fwp%2Fv2%2Fcomments&post=2988"}],"version-history":[{"count":1,"href":"https:\/\/diario.comechingones.com.ar\/index.php?rest_route=\/wp\/v2\/posts\/2988\/revisions"}],"predecessor-version":[{"id":2990,"href":"https:\/\/diario.comechingones.com.ar\/index.php?rest_route=\/wp\/v2\/posts\/2988\/revisions\/2990"}],"wp:featuredmedia":[{"embeddable":true,"href":"https:\/\/diario.comechingones.com.ar\/index.php?rest_route=\/wp\/v2\/media\/2989"}],"wp:attachment":[{"href":"https:\/\/diario.comechingones.com.ar\/index.php?rest_route=%2Fwp%2Fv2%2Fmedia&parent=2988"}],"wp:term":[{"taxonomy":"category","embeddable":true,"href":"https:\/\/diario.comechingones.com.ar\/index.php?rest_route=%2Fwp%2Fv2%2Fcategories&post=2988"},{"taxonomy":"post_tag","embeddable":true,"href":"https:\/\/diario.comechingones.com.ar\/index.php?rest_route=%2Fwp%2Fv2%2Ftags&post=2988"}],"curies":[{"name":"wp","href":"https:\/\/api.w.org\/{rel}","templated":true}]}}