{"id":2797,"date":"2026-03-12T15:36:40","date_gmt":"2026-03-12T15:36:40","guid":{"rendered":"https:\/\/diario.comechingones.com.ar\/?p=2797"},"modified":"2026-03-12T15:36:42","modified_gmt":"2026-03-12T15:36:42","slug":"vuelve-el-transporte-gratuito-a-la-localidad-de-las-tapias","status":"publish","type":"post","link":"https:\/\/diario.comechingones.com.ar\/?p=2797","title":{"rendered":"VUELVE EL TRANSPORTE GRATUITO A LA LOCALIDAD DE LAS TAPIAS"},"content":{"rendered":"\n<p>El funcionario municipal\u00a0<strong>Franco P\u00e9rez<\/strong>\u00a0detall\u00d3 diversas iniciativas destinadas a fortalecer el bienestar social en la localidad de\u00a0<strong>Las Tapias<\/strong>. Se destaca principalmente la implementaci\u00f3n del\u00a0<strong>transporte escolar gratuito<\/strong>, un servicio financiado \u00edntegramente con recursos locales para garantizar la asistencia de los estudiantes ante la falta de l\u00edneas comerciales. El municipio tambi\u00e9n ha distribuido insumos b\u00e1sicos como\u00a0<strong>guardapolvos y mochilas<\/strong>\u00a0para aliviar la carga econ\u00f3mica de las familias en el actual contexto de crisis. Adem\u00e1s, el reporte confirma la reactivaci\u00f3n de las obras en la\u00a0<strong>plaza principal<\/strong>\u00a0y el apoyo continuo a las\u00a0<strong>ferias de emprendedores<\/strong>\u00a0para dinamizar la econom\u00eda interna. Estas acciones reflejan un compromiso estatal con la\u00a0<strong>educaci\u00f3n, la infraestructura y el trabajo genuino<\/strong>\u00a0dentro de la comunidad.<\/p>\n\n\n\n<figure class=\"wp-block-embed is-type-video is-provider-youtube wp-block-embed-youtube wp-embed-aspect-16-9 wp-has-aspect-ratio\"><div class=\"wp-block-embed__wrapper\">\n<iframe loading=\"lazy\" title=\"VUELVEN EL TRANSPORTE GRATUITO A LAS TAPIAS Y LAS OBRAS A LA PLAZA.\" width=\"640\" height=\"360\" src=\"https:\/\/www.youtube.com\/embed\/OKTz3GQIl_s?feature=oembed\" frameborder=\"0\" allow=\"accelerometer; autoplay; clipboard-write; encrypted-media; gyroscope; picture-in-picture; web-share\" referrerpolicy=\"strict-origin-when-cross-origin\" allowfullscreen><\/iframe>\n<\/div><\/figure>\n","protected":false},"excerpt":{"rendered":"<p>El funcionario municipal\u00a0Franco P\u00e9rez\u00a0detall\u00d3 diversas iniciativas destinadas a fortalecer el bienestar social en la localidad&#8230;<\/p>\n","protected":false},"author":3,"featured_media":2798,"comment_status":"open","ping_status":"open","sticky":false,"template":"","format":"standard","meta":{"footnotes":""},"categories":[21,151,26],"tags":[],"featured_image_urls":{"full":["https:\/\/diario.comechingones.com.ar\/wp-content\/uploads\/2026\/03\/franco.png",821,468,false],"thumbnail":["https:\/\/diario.comechingones.com.ar\/wp-content\/uploads\/2026\/03\/franco-150x150.png",150,150,true],"medium":["https:\/\/diario.comechingones.com.ar\/wp-content\/uploads\/2026\/03\/franco-300x171.png",300,171,true],"medium_large":["https:\/\/diario.comechingones.com.ar\/wp-content\/uploads\/2026\/03\/franco-768x438.png",640,365,true],"large":["https:\/\/diario.comechingones.com.ar\/wp-content\/uploads\/2026\/03\/franco.png",640,365,false],"1536x1536":["https:\/\/diario.comechingones.com.ar\/wp-content\/uploads\/2026\/03\/franco.png",821,468,false],"2048x2048":["https:\/\/diario.comechingones.com.ar\/wp-content\/uploads\/2026\/03\/franco.png",821,468,false],"covernews-slider-full":["https:\/\/diario.comechingones.com.ar\/wp-content\/uploads\/2026\/03\/franco.png",821,468,false],"covernews-slider-center":["https:\/\/diario.comechingones.com.ar\/wp-content\/uploads\/2026\/03\/franco-800x468.png",800,468,true],"covernews-featured":["https:\/\/diario.comechingones.com.ar\/wp-content\/uploads\/2026\/03\/franco.png",821,468,false],"covernews-medium":["https:\/\/diario.comechingones.com.ar\/wp-content\/uploads\/2026\/03\/franco-540x340.png",540,340,true],"covernews-medium-square":["https:\/\/diario.comechingones.com.ar\/wp-content\/uploads\/2026\/03\/franco-400x250.png",400,250,true],"woocommerce_thumbnail":["https:\/\/diario.comechingones.com.ar\/wp-content\/uploads\/2026\/03\/franco-300x300.png",300,300,true],"woocommerce_single":["https:\/\/diario.comechingones.com.ar\/wp-content\/uploads\/2026\/03\/franco-600x342.png",600,342,true],"woocommerce_gallery_thumbnail":["https:\/\/diario.comechingones.com.ar\/wp-content\/uploads\/2026\/03\/franco-100x100.png",100,100,true]},"author_info":{"display_name":"Comechingones Multimedios","author_link":"https:\/\/diario.comechingones.com.ar\/?author=3"},"category_info":"<a href=\"https:\/\/diario.comechingones.com.ar\/?cat=21\" rel=\"category\">Economia<\/a> <a href=\"https:\/\/diario.comechingones.com.ar\/?cat=151\" rel=\"category\">Las Tapias<\/a> <a href=\"https:\/\/diario.comechingones.com.ar\/?cat=26\" rel=\"category\">Pasa en la radio<\/a>","tag_info":"Pasa en la radio","comment_count":"0","_links":{"self":[{"href":"https:\/\/diario.comechingones.com.ar\/index.php?rest_route=\/wp\/v2\/posts\/2797"}],"collection":[{"href":"https:\/\/diario.comechingones.com.ar\/index.php?rest_route=\/wp\/v2\/posts"}],"about":[{"href":"https:\/\/diario.comechingones.com.ar\/index.php?rest_route=\/wp\/v2\/types\/post"}],"author":[{"embeddable":true,"href":"https:\/\/diario.comechingones.com.ar\/index.php?rest_route=\/wp\/v2\/users\/3"}],"replies":[{"embeddable":true,"href":"https:\/\/diario.comechingones.com.ar\/index.php?rest_route=%2Fwp%2Fv2%2Fcomments&post=2797"}],"version-history":[{"count":1,"href":"https:\/\/diario.comechingones.com.ar\/index.php?rest_route=\/wp\/v2\/posts\/2797\/revisions"}],"predecessor-version":[{"id":2799,"href":"https:\/\/diario.comechingones.com.ar\/index.php?rest_route=\/wp\/v2\/posts\/2797\/revisions\/2799"}],"wp:featuredmedia":[{"embeddable":true,"href":"https:\/\/diario.comechingones.com.ar\/index.php?rest_route=\/wp\/v2\/media\/2798"}],"wp:attachment":[{"href":"https:\/\/diario.comechingones.com.ar\/index.php?rest_route=%2Fwp%2Fv2%2Fmedia&parent=2797"}],"wp:term":[{"taxonomy":"category","embeddable":true,"href":"https:\/\/diario.comechingones.com.ar\/index.php?rest_route=%2Fwp%2Fv2%2Fcategories&post=2797"},{"taxonomy":"post_tag","embeddable":true,"href":"https:\/\/diario.comechingones.com.ar\/index.php?rest_route=%2Fwp%2Fv2%2Ftags&post=2797"}],"curies":[{"name":"wp","href":"https:\/\/api.w.org\/{rel}","templated":true}]}}