{"id":2788,"date":"2026-03-10T16:16:10","date_gmt":"2026-03-10T16:16:10","guid":{"rendered":"https:\/\/diario.comechingones.com.ar\/?p=2788"},"modified":"2026-03-10T16:16:17","modified_gmt":"2026-03-10T16:16:17","slug":"hay-que-ver-el-agua-como-si-fuera-el-plasma-que-fluye-por-nuestras-venas","status":"publish","type":"post","link":"https:\/\/diario.comechingones.com.ar\/?p=2788","title":{"rendered":"&#8220;HAY QUE  VER EL AGUA COMO SI FUERA EL PLASMA QUE FLUYE POR NUESTRAS VENAS&#8221;"},"content":{"rendered":"\n<p>Entrevista radial a Laura y Pablo, vecinos de la localidad de\u00a0<strong>Las Tapias<\/strong>, quienes integran la\u00a0<strong>Asamblea No a la Mina<\/strong>\u00a0para denunciar la reactivaci\u00f3n de una explotaci\u00f3n de berilo por parte de una empresa china. Los activistas advierten que, a diferencia de la miner\u00eda hist\u00f3rica, los m\u00e9todos actuales amenazan con\u00a0<strong>contaminar las reservas de agua<\/strong>\u00a0y destruir el ecosistema local mediante el drenaje \u00e1cido. Subrayan la peligrosidad de realizar explosiones a escasos metros de centros poblados y escuelas, se\u00f1alando adem\u00e1s la falta de\u00a0<strong>controles estatales<\/strong>\u00a0y permisos vigentes. Los invitados cuestionan el impacto negativo de esta actividad sobre la econom\u00eda regional, basada principalmente en el\u00a0<strong>turismo ecol\u00f3gico<\/strong>. Finalmente, invitan a la comunidad a movilizarse a trav\u00e9s de asambleas y eventos culturales para defender el territorio frente al avance minero en el\u00a0<strong>Valle de Traslasierra<\/strong>.<\/p>\n\n\n\n<figure class=\"wp-block-embed is-type-video is-provider-youtube wp-block-embed-youtube wp-embed-aspect-16-9 wp-has-aspect-ratio\"><div class=\"wp-block-embed__wrapper\">\n<iframe loading=\"lazy\" title=\"TODA LA ACTUALIDAD DE LA ASAMBLEA NO A LA MINA EN LA LOCALIDAD DE LAS TAPIAS.\" width=\"640\" height=\"360\" src=\"https:\/\/www.youtube.com\/embed\/Dg-7gVLhMlE?feature=oembed\" frameborder=\"0\" allow=\"accelerometer; autoplay; clipboard-write; encrypted-media; gyroscope; picture-in-picture; web-share\" referrerpolicy=\"strict-origin-when-cross-origin\" allowfullscreen><\/iframe>\n<\/div><\/figure>\n","protected":false},"excerpt":{"rendered":"<p>Entrevista radial a Laura y Pablo, vecinos de la localidad de\u00a0Las Tapias, quienes integran la\u00a0Asamblea&#8230;<\/p>\n","protected":false},"author":3,"featured_media":2789,"comment_status":"open","ping_status":"open","sticky":false,"template":"","format":"standard","meta":{"footnotes":""},"categories":[151,25,27,26],"tags":[],"featured_image_urls":{"full":["https:\/\/diario.comechingones.com.ar\/wp-content\/uploads\/2026\/03\/mina-1.png",839,471,false],"thumbnail":["https:\/\/diario.comechingones.com.ar\/wp-content\/uploads\/2026\/03\/mina-1-150x150.png",150,150,true],"medium":["https:\/\/diario.comechingones.com.ar\/wp-content\/uploads\/2026\/03\/mina-1-300x168.png",300,168,true],"medium_large":["https:\/\/diario.comechingones.com.ar\/wp-content\/uploads\/2026\/03\/mina-1-768x431.png",640,359,true],"large":["https:\/\/diario.comechingones.com.ar\/wp-content\/uploads\/2026\/03\/mina-1.png",640,359,false],"1536x1536":["https:\/\/diario.comechingones.com.ar\/wp-content\/uploads\/2026\/03\/mina-1.png",839,471,false],"2048x2048":["https:\/\/diario.comechingones.com.ar\/wp-content\/uploads\/2026\/03\/mina-1.png",839,471,false],"covernews-slider-full":["https:\/\/diario.comechingones.com.ar\/wp-content\/uploads\/2026\/03\/mina-1.png",839,471,false],"covernews-slider-center":["https:\/\/diario.comechingones.com.ar\/wp-content\/uploads\/2026\/03\/mina-1-800x471.png",800,471,true],"covernews-featured":["https:\/\/diario.comechingones.com.ar\/wp-content\/uploads\/2026\/03\/mina-1.png",839,471,false],"covernews-medium":["https:\/\/diario.comechingones.com.ar\/wp-content\/uploads\/2026\/03\/mina-1-540x340.png",540,340,true],"covernews-medium-square":["https:\/\/diario.comechingones.com.ar\/wp-content\/uploads\/2026\/03\/mina-1-400x250.png",400,250,true],"woocommerce_thumbnail":["https:\/\/diario.comechingones.com.ar\/wp-content\/uploads\/2026\/03\/mina-1-300x300.png",300,300,true],"woocommerce_single":["https:\/\/diario.comechingones.com.ar\/wp-content\/uploads\/2026\/03\/mina-1-600x337.png",600,337,true],"woocommerce_gallery_thumbnail":["https:\/\/diario.comechingones.com.ar\/wp-content\/uploads\/2026\/03\/mina-1-100x100.png",100,100,true]},"author_info":{"display_name":"Comechingones Multimedios","author_link":"https:\/\/diario.comechingones.com.ar\/?author=3"},"category_info":"<a href=\"https:\/\/diario.comechingones.com.ar\/?cat=151\" rel=\"category\">Las Tapias<\/a> <a href=\"https:\/\/diario.comechingones.com.ar\/?cat=25\" rel=\"category\">Medioambiente<\/a> <a href=\"https:\/\/diario.comechingones.com.ar\/?cat=27\" rel=\"category\">Pasa en el valle<\/a> <a href=\"https:\/\/diario.comechingones.com.ar\/?cat=26\" rel=\"category\">Pasa en la radio<\/a>","tag_info":"Pasa en la radio","comment_count":"0","_links":{"self":[{"href":"https:\/\/diario.comechingones.com.ar\/index.php?rest_route=\/wp\/v2\/posts\/2788"}],"collection":[{"href":"https:\/\/diario.comechingones.com.ar\/index.php?rest_route=\/wp\/v2\/posts"}],"about":[{"href":"https:\/\/diario.comechingones.com.ar\/index.php?rest_route=\/wp\/v2\/types\/post"}],"author":[{"embeddable":true,"href":"https:\/\/diario.comechingones.com.ar\/index.php?rest_route=\/wp\/v2\/users\/3"}],"replies":[{"embeddable":true,"href":"https:\/\/diario.comechingones.com.ar\/index.php?rest_route=%2Fwp%2Fv2%2Fcomments&post=2788"}],"version-history":[{"count":1,"href":"https:\/\/diario.comechingones.com.ar\/index.php?rest_route=\/wp\/v2\/posts\/2788\/revisions"}],"predecessor-version":[{"id":2790,"href":"https:\/\/diario.comechingones.com.ar\/index.php?rest_route=\/wp\/v2\/posts\/2788\/revisions\/2790"}],"wp:featuredmedia":[{"embeddable":true,"href":"https:\/\/diario.comechingones.com.ar\/index.php?rest_route=\/wp\/v2\/media\/2789"}],"wp:attachment":[{"href":"https:\/\/diario.comechingones.com.ar\/index.php?rest_route=%2Fwp%2Fv2%2Fmedia&parent=2788"}],"wp:term":[{"taxonomy":"category","embeddable":true,"href":"https:\/\/diario.comechingones.com.ar\/index.php?rest_route=%2Fwp%2Fv2%2Fcategories&post=2788"},{"taxonomy":"post_tag","embeddable":true,"href":"https:\/\/diario.comechingones.com.ar\/index.php?rest_route=%2Fwp%2Fv2%2Ftags&post=2788"}],"curies":[{"name":"wp","href":"https:\/\/api.w.org\/{rel}","templated":true}]}}