{"id":2785,"date":"2026-03-08T23:12:23","date_gmt":"2026-03-08T23:12:23","guid":{"rendered":"https:\/\/diario.comechingones.com.ar\/?p=2785"},"modified":"2026-03-08T23:12:25","modified_gmt":"2026-03-08T23:12:25","slug":"silvina-cabezas-a-mi-no-me-gusta-el-sillon","status":"publish","type":"post","link":"https:\/\/diario.comechingones.com.ar\/?p=2785","title":{"rendered":"SILVINA CABEZAS: &#8220;A M\u00cd NO ME GUSTA EL SILL\u00d3N&#8221;"},"content":{"rendered":"\n<p>Entrevista a\u00a0<strong>Silvina Cabezas<\/strong>, intendenta de San Pedro, quien reflexiona sobre su gesti\u00f3n pol\u00edtica y los desaf\u00edos enfrentados durante la\u00a0<strong>pandemia de COVID-19<\/strong>. La mandataria relata los conflictos territoriales con localidades vecinas y destaca su autonom\u00eda al separarse del comit\u00e9 de emergencias regional para priorizar la\u00a0<strong>asistencia social y sanitaria<\/strong>\u00a0local. Adem\u00e1s, describe la evoluci\u00f3n de su municipio bajo un proyecto de continuidad que busca modernizar la infraestructura y reivindicar el\u00a0<strong>valor hist\u00f3rico<\/strong>\u00a0del paso del Cura Brochero por la zona. Cabezas tambi\u00e9n define su identidad pol\u00edtica como\u00a0<strong>peronista por elecci\u00f3n<\/strong>\u00a0y aborda las tensiones actuales con otros dirigentes, reafirmando su compromiso con la gesti\u00f3n de recursos ante el gobierno provincial. Finalmente, confirma que su antecesor buscar\u00e1 retomar la intendencia en\u00a0<strong>2027<\/strong>, mientras ella mantiene abierta la posibilidad de proyectarse hacia la legislatura sin abandonar el territorio.<\/p>\n\n\n\n<figure class=\"wp-block-embed is-type-video is-provider-youtube wp-block-embed-youtube wp-embed-aspect-16-9 wp-has-aspect-ratio\"><div class=\"wp-block-embed__wrapper\">\n<iframe loading=\"lazy\" title=\"LA INTENDENTA DE SAN PEDRO EN COMECHINGON STREAM\" width=\"640\" height=\"360\" src=\"https:\/\/www.youtube.com\/embed\/rZanVU7Kxyo?feature=oembed\" frameborder=\"0\" allow=\"accelerometer; autoplay; clipboard-write; encrypted-media; gyroscope; picture-in-picture; web-share\" referrerpolicy=\"strict-origin-when-cross-origin\" allowfullscreen><\/iframe>\n<\/div><\/figure>\n","protected":false},"excerpt":{"rendered":"<p>Entrevista a\u00a0Silvina Cabezas, intendenta de San Pedro, quien reflexiona sobre su gesti\u00f3n pol\u00edtica y los&#8230;<\/p>\n","protected":false},"author":3,"featured_media":2786,"comment_status":"open","ping_status":"open","sticky":false,"template":"","format":"standard","meta":{"footnotes":""},"categories":[20,121,157],"tags":[],"featured_image_urls":{"full":["https:\/\/diario.comechingones.com.ar\/wp-content\/uploads\/2026\/03\/cabezas.png",828,470,false],"thumbnail":["https:\/\/diario.comechingones.com.ar\/wp-content\/uploads\/2026\/03\/cabezas-150x150.png",150,150,true],"medium":["https:\/\/diario.comechingones.com.ar\/wp-content\/uploads\/2026\/03\/cabezas-300x170.png",300,170,true],"medium_large":["https:\/\/diario.comechingones.com.ar\/wp-content\/uploads\/2026\/03\/cabezas-768x436.png",640,363,true],"large":["https:\/\/diario.comechingones.com.ar\/wp-content\/uploads\/2026\/03\/cabezas.png",640,363,false],"1536x1536":["https:\/\/diario.comechingones.com.ar\/wp-content\/uploads\/2026\/03\/cabezas.png",828,470,false],"2048x2048":["https:\/\/diario.comechingones.com.ar\/wp-content\/uploads\/2026\/03\/cabezas.png",828,470,false],"covernews-slider-full":["https:\/\/diario.comechingones.com.ar\/wp-content\/uploads\/2026\/03\/cabezas.png",828,470,false],"covernews-slider-center":["https:\/\/diario.comechingones.com.ar\/wp-content\/uploads\/2026\/03\/cabezas-800x470.png",800,470,true],"covernews-featured":["https:\/\/diario.comechingones.com.ar\/wp-content\/uploads\/2026\/03\/cabezas.png",828,470,false],"covernews-medium":["https:\/\/diario.comechingones.com.ar\/wp-content\/uploads\/2026\/03\/cabezas-540x340.png",540,340,true],"covernews-medium-square":["https:\/\/diario.comechingones.com.ar\/wp-content\/uploads\/2026\/03\/cabezas-400x250.png",400,250,true],"woocommerce_thumbnail":["https:\/\/diario.comechingones.com.ar\/wp-content\/uploads\/2026\/03\/cabezas-300x300.png",300,300,true],"woocommerce_single":["https:\/\/diario.comechingones.com.ar\/wp-content\/uploads\/2026\/03\/cabezas-600x341.png",600,341,true],"woocommerce_gallery_thumbnail":["https:\/\/diario.comechingones.com.ar\/wp-content\/uploads\/2026\/03\/cabezas-100x100.png",100,100,true]},"author_info":{"display_name":"Comechingones Multimedios","author_link":"https:\/\/diario.comechingones.com.ar\/?author=3"},"category_info":"<a href=\"https:\/\/diario.comechingones.com.ar\/?cat=20\" rel=\"category\">Politica<\/a> <a href=\"https:\/\/diario.comechingones.com.ar\/?cat=121\" rel=\"category\">San Pedro<\/a> <a href=\"https:\/\/diario.comechingones.com.ar\/?cat=157\" rel=\"category\">Streaming<\/a>","tag_info":"Streaming","comment_count":"0","_links":{"self":[{"href":"https:\/\/diario.comechingones.com.ar\/index.php?rest_route=\/wp\/v2\/posts\/2785"}],"collection":[{"href":"https:\/\/diario.comechingones.com.ar\/index.php?rest_route=\/wp\/v2\/posts"}],"about":[{"href":"https:\/\/diario.comechingones.com.ar\/index.php?rest_route=\/wp\/v2\/types\/post"}],"author":[{"embeddable":true,"href":"https:\/\/diario.comechingones.com.ar\/index.php?rest_route=\/wp\/v2\/users\/3"}],"replies":[{"embeddable":true,"href":"https:\/\/diario.comechingones.com.ar\/index.php?rest_route=%2Fwp%2Fv2%2Fcomments&post=2785"}],"version-history":[{"count":1,"href":"https:\/\/diario.comechingones.com.ar\/index.php?rest_route=\/wp\/v2\/posts\/2785\/revisions"}],"predecessor-version":[{"id":2787,"href":"https:\/\/diario.comechingones.com.ar\/index.php?rest_route=\/wp\/v2\/posts\/2785\/revisions\/2787"}],"wp:featuredmedia":[{"embeddable":true,"href":"https:\/\/diario.comechingones.com.ar\/index.php?rest_route=\/wp\/v2\/media\/2786"}],"wp:attachment":[{"href":"https:\/\/diario.comechingones.com.ar\/index.php?rest_route=%2Fwp%2Fv2%2Fmedia&parent=2785"}],"wp:term":[{"taxonomy":"category","embeddable":true,"href":"https:\/\/diario.comechingones.com.ar\/index.php?rest_route=%2Fwp%2Fv2%2Fcategories&post=2785"},{"taxonomy":"post_tag","embeddable":true,"href":"https:\/\/diario.comechingones.com.ar\/index.php?rest_route=%2Fwp%2Fv2%2Ftags&post=2785"}],"curies":[{"name":"wp","href":"https:\/\/api.w.org\/{rel}","templated":true}]}}