{"id":2782,"date":"2026-03-08T23:03:29","date_gmt":"2026-03-08T23:03:29","guid":{"rendered":"https:\/\/diario.comechingones.com.ar\/?p=2782"},"modified":"2026-03-08T23:03:32","modified_gmt":"2026-03-08T23:03:32","slug":"valentina-colosi-salud-mental-es-como-el-gran-globo","status":"publish","type":"post","link":"https:\/\/diario.comechingones.com.ar\/?p=2782","title":{"rendered":"VALENTINA COLOSI: &#8220;SALUD MENTAL ES COMO EL GRAN GLOBO&#8221;"},"content":{"rendered":"\n<p>Entrevista con\u00a0<strong>Valentina Colosi<\/strong>, licenciada en educaci\u00f3n especial, quien analiza el v\u00ednculo fundamental entre la\u00a0<strong>discapacidad<\/strong>\u00a0y la\u00a0<strong>salud mental<\/strong>. La experta propone un cambio de paradigma orientado a priorizar la\u00a0<strong>autonom\u00eda<\/strong>\u00a0y la\u00a0<strong>calidad de vida<\/strong>\u00a0de los ni\u00f1os por encima de la acumulaci\u00f3n excesiva de terapias. Colosi enfatiza que la inclusi\u00f3n es un\u00a0<strong>desaf\u00edo social y educativo<\/strong>\u00a0que requiere actualizar la formaci\u00f3n docente y fomentar el trabajo en red con el entorno familiar. Asimismo, advierte sobre el aumento de diagn\u00f3sticos apresurados y resalta la importancia de garantizar que los menores participen activamente en su comunidad. Finalmente, la charla subraya que el \u00e9xito del desarrollo infantil radica en alcanzar la\u00a0<strong>integraci\u00f3n plena<\/strong>\u00a0y la felicidad del individuo en la sociedad.<\/p>\n\n\n\n<figure class=\"wp-block-embed is-type-video is-provider-youtube wp-block-embed-youtube wp-embed-aspect-16-9 wp-has-aspect-ratio\"><div class=\"wp-block-embed__wrapper\">\n<iframe loading=\"lazy\" title=\"SALUD MENTAL Y ESO QUE LLAMAMOS DISCAPACIDAD.\" width=\"640\" height=\"360\" src=\"https:\/\/www.youtube.com\/embed\/kItwctHql7s?feature=oembed\" frameborder=\"0\" allow=\"accelerometer; autoplay; clipboard-write; encrypted-media; gyroscope; picture-in-picture; web-share\" referrerpolicy=\"strict-origin-when-cross-origin\" allowfullscreen><\/iframe>\n<\/div><\/figure>\n","protected":false},"excerpt":{"rendered":"<p>Entrevista con\u00a0Valentina Colosi, licenciada en educaci\u00f3n especial, quien analiza el v\u00ednculo fundamental entre la\u00a0discapacidad\u00a0y la\u00a0salud&#8230;<\/p>\n","protected":false},"author":3,"featured_media":2783,"comment_status":"open","ping_status":"open","sticky":false,"template":"","format":"standard","meta":{"footnotes":""},"categories":[22,157,120],"tags":[],"featured_image_urls":{"full":["https:\/\/diario.comechingones.com.ar\/wp-content\/uploads\/2026\/03\/COLOSI.png",832,468,false],"thumbnail":["https:\/\/diario.comechingones.com.ar\/wp-content\/uploads\/2026\/03\/COLOSI-150x150.png",150,150,true],"medium":["https:\/\/diario.comechingones.com.ar\/wp-content\/uploads\/2026\/03\/COLOSI-300x169.png",300,169,true],"medium_large":["https:\/\/diario.comechingones.com.ar\/wp-content\/uploads\/2026\/03\/COLOSI-768x432.png",640,360,true],"large":["https:\/\/diario.comechingones.com.ar\/wp-content\/uploads\/2026\/03\/COLOSI.png",640,360,false],"1536x1536":["https:\/\/diario.comechingones.com.ar\/wp-content\/uploads\/2026\/03\/COLOSI.png",832,468,false],"2048x2048":["https:\/\/diario.comechingones.com.ar\/wp-content\/uploads\/2026\/03\/COLOSI.png",832,468,false],"covernews-slider-full":["https:\/\/diario.comechingones.com.ar\/wp-content\/uploads\/2026\/03\/COLOSI.png",832,468,false],"covernews-slider-center":["https:\/\/diario.comechingones.com.ar\/wp-content\/uploads\/2026\/03\/COLOSI-800x468.png",800,468,true],"covernews-featured":["https:\/\/diario.comechingones.com.ar\/wp-content\/uploads\/2026\/03\/COLOSI.png",832,468,false],"covernews-medium":["https:\/\/diario.comechingones.com.ar\/wp-content\/uploads\/2026\/03\/COLOSI-540x340.png",540,340,true],"covernews-medium-square":["https:\/\/diario.comechingones.com.ar\/wp-content\/uploads\/2026\/03\/COLOSI-400x250.png",400,250,true],"woocommerce_thumbnail":["https:\/\/diario.comechingones.com.ar\/wp-content\/uploads\/2026\/03\/COLOSI-300x300.png",300,300,true],"woocommerce_single":["https:\/\/diario.comechingones.com.ar\/wp-content\/uploads\/2026\/03\/COLOSI-600x338.png",600,338,true],"woocommerce_gallery_thumbnail":["https:\/\/diario.comechingones.com.ar\/wp-content\/uploads\/2026\/03\/COLOSI-100x100.png",100,100,true]},"author_info":{"display_name":"Comechingones Multimedios","author_link":"https:\/\/diario.comechingones.com.ar\/?author=3"},"category_info":"<a href=\"https:\/\/diario.comechingones.com.ar\/?cat=22\" rel=\"category\">Salud<\/a> <a href=\"https:\/\/diario.comechingones.com.ar\/?cat=157\" rel=\"category\">Streaming<\/a> <a href=\"https:\/\/diario.comechingones.com.ar\/?cat=120\" rel=\"category\">Villa Dolores<\/a>","tag_info":"Villa Dolores","comment_count":"0","_links":{"self":[{"href":"https:\/\/diario.comechingones.com.ar\/index.php?rest_route=\/wp\/v2\/posts\/2782"}],"collection":[{"href":"https:\/\/diario.comechingones.com.ar\/index.php?rest_route=\/wp\/v2\/posts"}],"about":[{"href":"https:\/\/diario.comechingones.com.ar\/index.php?rest_route=\/wp\/v2\/types\/post"}],"author":[{"embeddable":true,"href":"https:\/\/diario.comechingones.com.ar\/index.php?rest_route=\/wp\/v2\/users\/3"}],"replies":[{"embeddable":true,"href":"https:\/\/diario.comechingones.com.ar\/index.php?rest_route=%2Fwp%2Fv2%2Fcomments&post=2782"}],"version-history":[{"count":1,"href":"https:\/\/diario.comechingones.com.ar\/index.php?rest_route=\/wp\/v2\/posts\/2782\/revisions"}],"predecessor-version":[{"id":2784,"href":"https:\/\/diario.comechingones.com.ar\/index.php?rest_route=\/wp\/v2\/posts\/2782\/revisions\/2784"}],"wp:featuredmedia":[{"embeddable":true,"href":"https:\/\/diario.comechingones.com.ar\/index.php?rest_route=\/wp\/v2\/media\/2783"}],"wp:attachment":[{"href":"https:\/\/diario.comechingones.com.ar\/index.php?rest_route=%2Fwp%2Fv2%2Fmedia&parent=2782"}],"wp:term":[{"taxonomy":"category","embeddable":true,"href":"https:\/\/diario.comechingones.com.ar\/index.php?rest_route=%2Fwp%2Fv2%2Fcategories&post=2782"},{"taxonomy":"post_tag","embeddable":true,"href":"https:\/\/diario.comechingones.com.ar\/index.php?rest_route=%2Fwp%2Fv2%2Ftags&post=2782"}],"curies":[{"name":"wp","href":"https:\/\/api.w.org\/{rel}","templated":true}]}}